{"id":813,"date":"2021-05-26T10:13:38","date_gmt":"2021-05-26T08:13:38","guid":{"rendered":"https:\/\/www.schuetzen-duggingen.ch\/?p=813"},"modified":"2021-05-26T10:13:39","modified_gmt":"2021-05-26T08:13:39","slug":"eidgenoessisches-feldschiessen-28-mai-2021","status":"publish","type":"post","link":"https:\/\/www.schuetzen-duggingen.ch\/index.php\/2021\/05\/26\/eidgenoessisches-feldschiessen-28-mai-2021\/","title":{"rendered":"Eidgen\u00f6ssisches Feldschiessen 28. Mai 2021"},"content":{"rendered":"\n<p>Einladung zum Eidgen\u00f6ssischen Feldschiessen 2021. Der Termin findet am 28. Mai 2021 auf Grund der Pandemie auf dem Dugginger Schiesspaltz statt. Der Beginn des Schiessens ist 18:00 Uhr und kann bis 20:00 Uhr geschossen werden.<\/p>\n\n\n\n<p>Der Vorstand hat weiter beschlossen, dass man das Feldschiessen mit dem Obligatorischen durchf\u00fchren kann. Jedoch beachtet bitte, dass das Feldschiessen als erstes geschossen werden muss, da keine Probesch\u00fcsse erlaubt sind. Zur Info das Obligatorische findet am 6. und 20. August zu den regul\u00e4ren Schiesszeiten 18:00 bis 20:00 Uhr statt.<\/p>\n\n\n\n<p>Bereits besten Dank f\u00fcr eure Teilnahme.<\/p>\n","protected":false},"excerpt":{"rendered":"<p>Einladung zum Eidgen\u00f6ssischen Feldschiessen 2021. Der Termin findet am 28. Mai 2021 auf Grund der Pandemie auf dem Dugginger Schiesspaltz statt. Der Beginn des Schiessens ist 18:00 Uhr und kann bis 20:00 Uhr geschossen werden. Der Vorstand hat weiter beschlossen, <span class=\"excerpt-dots\">&hellip;<\/span> <a class=\"more-link\" href=\"https:\/\/www.schuetzen-duggingen.ch\/index.php\/2021\/05\/26\/eidgenoessisches-feldschiessen-28-mai-2021\/\"><span class=\"more-msg\">Continue reading &rarr;<\/span><\/a><\/p>\n","protected":false},"author":3,"featured_media":0,"comment_status":"open","ping_status":"open","sticky":false,"template":"","format":"standard","meta":{"footnotes":""},"categories":[1],"tags":[],"class_list":["post-813","post","type-post","status-publish","format-standard","hentry","category-allgemein"],"yoast_head":"<!-- This site is optimized with the Yoast SEO plugin v27.5 - https:\/\/yoast.com\/product\/yoast-seo-wordpress\/ -->\n<title>Eidgen\u00f6ssisches Feldschiessen 28. Mai 2021 - Sch\u00fctzengesellschaft Duggingen<\/title>\n<meta name=\"robots\" content=\"index, follow, max-snippet:-1, max-image-preview:large, max-video-preview:-1\" \/>\n<link rel=\"canonical\" href=\"https:\/\/www.schuetzen-duggingen.ch\/index.php\/2021\/05\/26\/eidgenoessisches-feldschiessen-28-mai-2021\/\" \/>\n<meta property=\"og:locale\" content=\"de_DE\" \/>\n<meta property=\"og:type\" content=\"article\" \/>\n<meta property=\"og:title\" content=\"Eidgen\u00f6ssisches Feldschiessen 28. Mai 2021 - Sch\u00fctzengesellschaft Duggingen\" \/>\n<meta property=\"og:description\" content=\"Einladung zum Eidgen\u00f6ssischen Feldschiessen 2021. Der Termin findet am 28. Mai 2021 auf Grund der Pandemie auf dem Dugginger Schiesspaltz statt. Der Beginn des Schiessens ist 18:00 Uhr und kann bis 20:00 Uhr geschossen werden. Der Vorstand hat weiter beschlossen, &hellip; Continue reading &rarr;\" \/>\n<meta property=\"og:url\" content=\"https:\/\/www.schuetzen-duggingen.ch\/index.php\/2021\/05\/26\/eidgenoessisches-feldschiessen-28-mai-2021\/\" \/>\n<meta property=\"og:site_name\" content=\"Sch\u00fctzengesellschaft Duggingen\" \/>\n<meta property=\"article:published_time\" content=\"2021-05-26T08:13:38+00:00\" \/>\n<meta property=\"article:modified_time\" content=\"2021-05-26T08:13:39+00:00\" \/>\n<meta name=\"author\" content=\"mva\" \/>\n<meta name=\"twitter:card\" content=\"summary_large_image\" \/>\n<meta name=\"twitter:label1\" content=\"Geschrieben von\" \/>\n\t<meta name=\"twitter:data1\" content=\"mva\" \/>\n<script type=\"application\/ld+json\" class=\"yoast-schema-graph\">{\"@context\":\"https:\\\/\\\/schema.org\",\"@graph\":[{\"@type\":\"Article\",\"@id\":\"https:\\\/\\\/www.schuetzen-duggingen.ch\\\/index.php\\\/2021\\\/05\\\/26\\\/eidgenoessisches-feldschiessen-28-mai-2021\\\/#article\",\"isPartOf\":{\"@id\":\"https:\\\/\\\/www.schuetzen-duggingen.ch\\\/index.php\\\/2021\\\/05\\\/26\\\/eidgenoessisches-feldschiessen-28-mai-2021\\\/\"},\"author\":{\"name\":\"mva\",\"@id\":\"https:\\\/\\\/www.schuetzen-duggingen.ch\\\/#\\\/schema\\\/person\\\/9f423cfde6adf616904418b607857f0c\"},\"headline\":\"Eidgen\u00f6ssisches Feldschiessen 28. Mai 2021\",\"datePublished\":\"2021-05-26T08:13:38+00:00\",\"dateModified\":\"2021-05-26T08:13:39+00:00\",\"mainEntityOfPage\":{\"@id\":\"https:\\\/\\\/www.schuetzen-duggingen.ch\\\/index.php\\\/2021\\\/05\\\/26\\\/eidgenoessisches-feldschiessen-28-mai-2021\\\/\"},\"wordCount\":90,\"commentCount\":0,\"publisher\":{\"@id\":\"https:\\\/\\\/www.schuetzen-duggingen.ch\\\/#organization\"},\"inLanguage\":\"de-CH\",\"potentialAction\":[{\"@type\":\"CommentAction\",\"name\":\"Comment\",\"target\":[\"https:\\\/\\\/www.schuetzen-duggingen.ch\\\/index.php\\\/2021\\\/05\\\/26\\\/eidgenoessisches-feldschiessen-28-mai-2021\\\/#respond\"]}]},{\"@type\":\"WebPage\",\"@id\":\"https:\\\/\\\/www.schuetzen-duggingen.ch\\\/index.php\\\/2021\\\/05\\\/26\\\/eidgenoessisches-feldschiessen-28-mai-2021\\\/\",\"url\":\"https:\\\/\\\/www.schuetzen-duggingen.ch\\\/index.php\\\/2021\\\/05\\\/26\\\/eidgenoessisches-feldschiessen-28-mai-2021\\\/\",\"name\":\"Eidgen\u00f6ssisches Feldschiessen 28. Mai 2021 - Sch\u00fctzengesellschaft Duggingen\",\"isPartOf\":{\"@id\":\"https:\\\/\\\/www.schuetzen-duggingen.ch\\\/#website\"},\"datePublished\":\"2021-05-26T08:13:38+00:00\",\"dateModified\":\"2021-05-26T08:13:39+00:00\",\"breadcrumb\":{\"@id\":\"https:\\\/\\\/www.schuetzen-duggingen.ch\\\/index.php\\\/2021\\\/05\\\/26\\\/eidgenoessisches-feldschiessen-28-mai-2021\\\/#breadcrumb\"},\"inLanguage\":\"de-CH\",\"potentialAction\":[{\"@type\":\"ReadAction\",\"target\":[\"https:\\\/\\\/www.schuetzen-duggingen.ch\\\/index.php\\\/2021\\\/05\\\/26\\\/eidgenoessisches-feldschiessen-28-mai-2021\\\/\"]}]},{\"@type\":\"BreadcrumbList\",\"@id\":\"https:\\\/\\\/www.schuetzen-duggingen.ch\\\/index.php\\\/2021\\\/05\\\/26\\\/eidgenoessisches-feldschiessen-28-mai-2021\\\/#breadcrumb\",\"itemListElement\":[{\"@type\":\"ListItem\",\"position\":1,\"name\":\"Startseite\",\"item\":\"https:\\\/\\\/www.schuetzen-duggingen.ch\\\/\"},{\"@type\":\"ListItem\",\"position\":2,\"name\":\"Eidgen\u00f6ssisches Feldschiessen 28. Mai 2021\"}]},{\"@type\":\"WebSite\",\"@id\":\"https:\\\/\\\/www.schuetzen-duggingen.ch\\\/#website\",\"url\":\"https:\\\/\\\/www.schuetzen-duggingen.ch\\\/\",\"name\":\"Sch\u00fctzengesellschaft Duggingen\",\"description\":\"\",\"publisher\":{\"@id\":\"https:\\\/\\\/www.schuetzen-duggingen.ch\\\/#organization\"},\"alternateName\":\"Sch\u00fctzengesellschaft Duggingen\",\"potentialAction\":[{\"@type\":\"SearchAction\",\"target\":{\"@type\":\"EntryPoint\",\"urlTemplate\":\"https:\\\/\\\/www.schuetzen-duggingen.ch\\\/?s={search_term_string}\"},\"query-input\":{\"@type\":\"PropertyValueSpecification\",\"valueRequired\":true,\"valueName\":\"search_term_string\"}}],\"inLanguage\":\"de-CH\"},{\"@type\":\"Organization\",\"@id\":\"https:\\\/\\\/www.schuetzen-duggingen.ch\\\/#organization\",\"name\":\"Sch\u00fctzengesellschaft Duggingen\",\"alternateName\":\"SGD\",\"url\":\"https:\\\/\\\/www.schuetzen-duggingen.ch\\\/\",\"logo\":{\"@type\":\"ImageObject\",\"inLanguage\":\"de-CH\",\"@id\":\"https:\\\/\\\/www.schuetzen-duggingen.ch\\\/#\\\/schema\\\/logo\\\/image\\\/\",\"url\":\"https:\\\/\\\/www.schuetzen-duggingen.ch\\\/wp-content\\\/uploads\\\/2016\\\/04\\\/LogoSGD.jpg\",\"contentUrl\":\"https:\\\/\\\/www.schuetzen-duggingen.ch\\\/wp-content\\\/uploads\\\/2016\\\/04\\\/LogoSGD.jpg\",\"width\":259,\"height\":259,\"caption\":\"Sch\u00fctzengesellschaft Duggingen\"},\"image\":{\"@id\":\"https:\\\/\\\/www.schuetzen-duggingen.ch\\\/#\\\/schema\\\/logo\\\/image\\\/\"}},{\"@type\":\"Person\",\"@id\":\"https:\\\/\\\/www.schuetzen-duggingen.ch\\\/#\\\/schema\\\/person\\\/9f423cfde6adf616904418b607857f0c\",\"name\":\"mva\",\"image\":{\"@type\":\"ImageObject\",\"inLanguage\":\"de-CH\",\"@id\":\"https:\\\/\\\/www.schuetzen-duggingen.ch\\\/wp-content\\\/litespeed\\\/avatar\\\/1465e8b5752bcf8168d8185964bc964e.jpg?ver=1777100240\",\"url\":\"https:\\\/\\\/www.schuetzen-duggingen.ch\\\/wp-content\\\/litespeed\\\/avatar\\\/1465e8b5752bcf8168d8185964bc964e.jpg?ver=1777100240\",\"contentUrl\":\"https:\\\/\\\/www.schuetzen-duggingen.ch\\\/wp-content\\\/litespeed\\\/avatar\\\/1465e8b5752bcf8168d8185964bc964e.jpg?ver=1777100240\",\"caption\":\"mva\"},\"sameAs\":[\"https:\\\/\\\/www.schuetzen-duggingen.ch\"],\"url\":\"https:\\\/\\\/www.schuetzen-duggingen.ch\\\/index.php\\\/author\\\/mva\\\/\"}]}<\/script>\n<!-- \/ Yoast SEO plugin. -->","yoast_head_json":{"title":"Eidgen\u00f6ssisches Feldschiessen 28. Mai 2021 - Sch\u00fctzengesellschaft Duggingen","robots":{"index":"index","follow":"follow","max-snippet":"max-snippet:-1","max-image-preview":"max-image-preview:large","max-video-preview":"max-video-preview:-1"},"canonical":"https:\/\/www.schuetzen-duggingen.ch\/index.php\/2021\/05\/26\/eidgenoessisches-feldschiessen-28-mai-2021\/","og_locale":"de_DE","og_type":"article","og_title":"Eidgen\u00f6ssisches Feldschiessen 28. Mai 2021 - Sch\u00fctzengesellschaft Duggingen","og_description":"Einladung zum Eidgen\u00f6ssischen Feldschiessen 2021. Der Termin findet am 28. Mai 2021 auf Grund der Pandemie auf dem Dugginger Schiesspaltz statt. Der Beginn des Schiessens ist 18:00 Uhr und kann bis 20:00 Uhr geschossen werden. Der Vorstand hat weiter beschlossen, &hellip; Continue reading &rarr;","og_url":"https:\/\/www.schuetzen-duggingen.ch\/index.php\/2021\/05\/26\/eidgenoessisches-feldschiessen-28-mai-2021\/","og_site_name":"Sch\u00fctzengesellschaft Duggingen","article_published_time":"2021-05-26T08:13:38+00:00","article_modified_time":"2021-05-26T08:13:39+00:00","author":"mva","twitter_card":"summary_large_image","twitter_misc":{"Geschrieben von":"mva"},"schema":{"@context":"https:\/\/schema.org","@graph":[{"@type":"Article","@id":"https:\/\/www.schuetzen-duggingen.ch\/index.php\/2021\/05\/26\/eidgenoessisches-feldschiessen-28-mai-2021\/#article","isPartOf":{"@id":"https:\/\/www.schuetzen-duggingen.ch\/index.php\/2021\/05\/26\/eidgenoessisches-feldschiessen-28-mai-2021\/"},"author":{"name":"mva","@id":"https:\/\/www.schuetzen-duggingen.ch\/#\/schema\/person\/9f423cfde6adf616904418b607857f0c"},"headline":"Eidgen\u00f6ssisches Feldschiessen 28. Mai 2021","datePublished":"2021-05-26T08:13:38+00:00","dateModified":"2021-05-26T08:13:39+00:00","mainEntityOfPage":{"@id":"https:\/\/www.schuetzen-duggingen.ch\/index.php\/2021\/05\/26\/eidgenoessisches-feldschiessen-28-mai-2021\/"},"wordCount":90,"commentCount":0,"publisher":{"@id":"https:\/\/www.schuetzen-duggingen.ch\/#organization"},"inLanguage":"de-CH","potentialAction":[{"@type":"CommentAction","name":"Comment","target":["https:\/\/www.schuetzen-duggingen.ch\/index.php\/2021\/05\/26\/eidgenoessisches-feldschiessen-28-mai-2021\/#respond"]}]},{"@type":"WebPage","@id":"https:\/\/www.schuetzen-duggingen.ch\/index.php\/2021\/05\/26\/eidgenoessisches-feldschiessen-28-mai-2021\/","url":"https:\/\/www.schuetzen-duggingen.ch\/index.php\/2021\/05\/26\/eidgenoessisches-feldschiessen-28-mai-2021\/","name":"Eidgen\u00f6ssisches Feldschiessen 28. Mai 2021 - Sch\u00fctzengesellschaft Duggingen","isPartOf":{"@id":"https:\/\/www.schuetzen-duggingen.ch\/#website"},"datePublished":"2021-05-26T08:13:38+00:00","dateModified":"2021-05-26T08:13:39+00:00","breadcrumb":{"@id":"https:\/\/www.schuetzen-duggingen.ch\/index.php\/2021\/05\/26\/eidgenoessisches-feldschiessen-28-mai-2021\/#breadcrumb"},"inLanguage":"de-CH","potentialAction":[{"@type":"ReadAction","target":["https:\/\/www.schuetzen-duggingen.ch\/index.php\/2021\/05\/26\/eidgenoessisches-feldschiessen-28-mai-2021\/"]}]},{"@type":"BreadcrumbList","@id":"https:\/\/www.schuetzen-duggingen.ch\/index.php\/2021\/05\/26\/eidgenoessisches-feldschiessen-28-mai-2021\/#breadcrumb","itemListElement":[{"@type":"ListItem","position":1,"name":"Startseite","item":"https:\/\/www.schuetzen-duggingen.ch\/"},{"@type":"ListItem","position":2,"name":"Eidgen\u00f6ssisches Feldschiessen 28. Mai 2021"}]},{"@type":"WebSite","@id":"https:\/\/www.schuetzen-duggingen.ch\/#website","url":"https:\/\/www.schuetzen-duggingen.ch\/","name":"Sch\u00fctzengesellschaft Duggingen","description":"","publisher":{"@id":"https:\/\/www.schuetzen-duggingen.ch\/#organization"},"alternateName":"Sch\u00fctzengesellschaft Duggingen","potentialAction":[{"@type":"SearchAction","target":{"@type":"EntryPoint","urlTemplate":"https:\/\/www.schuetzen-duggingen.ch\/?s={search_term_string}"},"query-input":{"@type":"PropertyValueSpecification","valueRequired":true,"valueName":"search_term_string"}}],"inLanguage":"de-CH"},{"@type":"Organization","@id":"https:\/\/www.schuetzen-duggingen.ch\/#organization","name":"Sch\u00fctzengesellschaft Duggingen","alternateName":"SGD","url":"https:\/\/www.schuetzen-duggingen.ch\/","logo":{"@type":"ImageObject","inLanguage":"de-CH","@id":"https:\/\/www.schuetzen-duggingen.ch\/#\/schema\/logo\/image\/","url":"https:\/\/www.schuetzen-duggingen.ch\/wp-content\/uploads\/2016\/04\/LogoSGD.jpg","contentUrl":"https:\/\/www.schuetzen-duggingen.ch\/wp-content\/uploads\/2016\/04\/LogoSGD.jpg","width":259,"height":259,"caption":"Sch\u00fctzengesellschaft Duggingen"},"image":{"@id":"https:\/\/www.schuetzen-duggingen.ch\/#\/schema\/logo\/image\/"}},{"@type":"Person","@id":"https:\/\/www.schuetzen-duggingen.ch\/#\/schema\/person\/9f423cfde6adf616904418b607857f0c","name":"mva","image":{"@type":"ImageObject","inLanguage":"de-CH","@id":"https:\/\/www.schuetzen-duggingen.ch\/wp-content\/litespeed\/avatar\/1465e8b5752bcf8168d8185964bc964e.jpg?ver=1777100240","url":"https:\/\/www.schuetzen-duggingen.ch\/wp-content\/litespeed\/avatar\/1465e8b5752bcf8168d8185964bc964e.jpg?ver=1777100240","contentUrl":"https:\/\/www.schuetzen-duggingen.ch\/wp-content\/litespeed\/avatar\/1465e8b5752bcf8168d8185964bc964e.jpg?ver=1777100240","caption":"mva"},"sameAs":["https:\/\/www.schuetzen-duggingen.ch"],"url":"https:\/\/www.schuetzen-duggingen.ch\/index.php\/author\/mva\/"}]}},"_links":{"self":[{"href":"https:\/\/www.schuetzen-duggingen.ch\/index.php\/wp-json\/wp\/v2\/posts\/813","targetHints":{"allow":["GET"]}}],"collection":[{"href":"https:\/\/www.schuetzen-duggingen.ch\/index.php\/wp-json\/wp\/v2\/posts"}],"about":[{"href":"https:\/\/www.schuetzen-duggingen.ch\/index.php\/wp-json\/wp\/v2\/types\/post"}],"author":[{"embeddable":true,"href":"https:\/\/www.schuetzen-duggingen.ch\/index.php\/wp-json\/wp\/v2\/users\/3"}],"replies":[{"embeddable":true,"href":"https:\/\/www.schuetzen-duggingen.ch\/index.php\/wp-json\/wp\/v2\/comments?post=813"}],"version-history":[{"count":1,"href":"https:\/\/www.schuetzen-duggingen.ch\/index.php\/wp-json\/wp\/v2\/posts\/813\/revisions"}],"predecessor-version":[{"id":814,"href":"https:\/\/www.schuetzen-duggingen.ch\/index.php\/wp-json\/wp\/v2\/posts\/813\/revisions\/814"}],"wp:attachment":[{"href":"https:\/\/www.schuetzen-duggingen.ch\/index.php\/wp-json\/wp\/v2\/media?parent=813"}],"wp:term":[{"taxonomy":"category","embeddable":true,"href":"https:\/\/www.schuetzen-duggingen.ch\/index.php\/wp-json\/wp\/v2\/categories?post=813"},{"taxonomy":"post_tag","embeddable":true,"href":"https:\/\/www.schuetzen-duggingen.ch\/index.php\/wp-json\/wp\/v2\/tags?post=813"}],"curies":[{"name":"wp","href":"https:\/\/api.w.org\/{rel}","templated":true}]}}